{"id":2559,"date":"2016-06-13T12:36:54","date_gmt":"2016-06-13T11:36:54","guid":{"rendered":"http:\/\/jarmilavesovic\/sr\/zivim-kako-hocu-13-decembar-2002\/"},"modified":"2016-06-15T16:44:05","modified_gmt":"2016-06-15T15:44:05","slug":"zivim-kako-hocu-13-decembar-2002","status":"publish","type":"post","link":"https:\/\/yarmilavesovic.org\/sr\/zivim-kako-hocu-13-decembar-2002\/","title":{"rendered":"\u017divim kako ho\u0107u \u2013 13. decembar 2002."},"content":{"rendered":"<p align=\"justify\"><a href=\"http:\/\/www.rts.rs\/page\/tv\/sr\/story\/20\/rts-1\/1068940\/vi-i-mira-adanja-polak.html\" target=\"_blank\">http:\/\/www.rts.rs\/page\/tv\/sr\/story\/20\/rts-1\/1068940\/vi-i-mira-adanja-polak.html<\/a><\/p>\n<p align=\"justify\"><em>\u00a0Reporta\u017ea video vreme: \u00a037:10 m<\/em><\/p>\n<p align=\"justify\"><b>Vanredna emisija \u201eEkskluzivno\u201c, petak, 22:30, Prvi program RTS-a<\/b><\/p>\n<p align=\"justify\">Emisija je snimljena u Parizu, gradu u kom \u017eivi Jarmila Vesovi\u0107, neobi\u010dan slikar sa neverovatnim ose\u0107ajem za lepo i posebno. Iako je dosta izlagala i u na\u0161oj zemlji, njen stvarala\u010dki rad zapa\u017een je pre svega u svetu.<\/p>\n<p align=\"justify\">Ostvariv\u0161i svoju \u017eelju da stvara u Parizu, Jarmila Vesovi\u0107 se\u0107a se svojih korena, svoje zemlje, \u010desto prepli\u0107u\u0107i ta se\u0107anja i u svojoj umetnosti.<\/p>\n<p align=\"justify\">Jarmila Vesovi\u0107 je 23. novembra dobila nagradu grada u kom je \u017eiveo i Luj XIII \u2013 to je samo jedno od mnogobrojnih priznanja ove umetnice; ona je i dobitnik nagrade slikara sveta. U na\u0161oj zemlji dobila je nagrade Oktobarskog salona, nagradu Belog an\u0111ela i mnoge druge.<\/p>\n<p align=\"justify\">Izlo\u017eba njenih radova bi\u0107e otvorena i u Beogradu, u sasvim novoj galeriji, koja ovom izlo\u017ebom otpo\u010dinje svoj \u017eivot, a emisija gledaoce vodi u slikarkin neobi\u010dni dom u Parizu i prostor u kom ona stvara i uistinu \u017eivi kako ho\u0107e.<\/p>\n","protected":false},"excerpt":{"rendered":"<p>http:\/\/www.rts.rs\/page\/tv\/sr\/story\/20\/rts-1\/1068940\/vi-i-mira-adanja-polak.html \u00a0Reporta\u017ea video vreme: \u00a037:10 m Vanredna emisija \u201eEkskluzivno\u201c, petak, 22:30, Prvi program RTS-a Emisija je snimljena u Parizu, gradu u kom \u017eivi Jarmila Vesovi\u0107, neobi\u010dan slikar sa neverovatnim ose\u0107ajem za lepo i posebno. Iako je dosta izlagala i u na\u0161oj zemlji, njen stvarala\u010dki rad zapa\u017een je pre svega u svetu. Ostvariv\u0161i svoju \u017eelju da [&hellip;]<\/p>\n","protected":false},"author":3,"featured_media":1527,"comment_status":"closed","ping_status":"closed","sticky":false,"template":"","format":"video","meta":{"footnotes":""},"categories":[80],"tags":[206,207,208],"class_list":["post-2559","post","type-post","status-publish","format-video","has-post-thumbnail","hentry","category-video-sr","tag-embed-sr","tag-iframe-sr","tag-vimeo-sr","post_format-post-format-video"],"_links":{"self":[{"href":"https:\/\/yarmilavesovic.org\/sr\/wp-json\/wp\/v2\/posts\/2559","targetHints":{"allow":["GET"]}}],"collection":[{"href":"https:\/\/yarmilavesovic.org\/sr\/wp-json\/wp\/v2\/posts"}],"about":[{"href":"https:\/\/yarmilavesovic.org\/sr\/wp-json\/wp\/v2\/types\/post"}],"author":[{"embeddable":true,"href":"https:\/\/yarmilavesovic.org\/sr\/wp-json\/wp\/v2\/users\/3"}],"replies":[{"embeddable":true,"href":"https:\/\/yarmilavesovic.org\/sr\/wp-json\/wp\/v2\/comments?post=2559"}],"version-history":[{"count":0,"href":"https:\/\/yarmilavesovic.org\/sr\/wp-json\/wp\/v2\/posts\/2559\/revisions"}],"wp:featuredmedia":[{"embeddable":true,"href":"https:\/\/yarmilavesovic.org\/sr\/wp-json\/wp\/v2\/media\/1527"}],"wp:attachment":[{"href":"https:\/\/yarmilavesovic.org\/sr\/wp-json\/wp\/v2\/media?parent=2559"}],"wp:term":[{"taxonomy":"category","embeddable":true,"href":"https:\/\/yarmilavesovic.org\/sr\/wp-json\/wp\/v2\/categories?post=2559"},{"taxonomy":"post_tag","embeddable":true,"href":"https:\/\/yarmilavesovic.org\/sr\/wp-json\/wp\/v2\/tags?post=2559"}],"curies":[{"name":"wp","href":"https:\/\/api.w.org\/{rel}","templated":true}]}}